{"id":790,"date":"2022-04-12T11:51:00","date_gmt":"2022-04-12T09:51:00","guid":{"rendered":"https:\/\/losfuturosdelaeducacion.fundacion-sm.org\/noticias-pt-br\/nao-categorizado\/el-informe-de-unesco-hace-una-llamada-a-los-politicos\/"},"modified":"2024-02-21T15:53:06","modified_gmt":"2024-02-21T14:53:06","slug":"o-relatorio-da-unesco-faz-um-apelo-aos-politicos","status":"publish","type":"post","link":"https:\/\/losfuturosdelaeducacion.fundacion-sm.org\/pt-br\/noticias-pt-br\/unesco-pt-br\/o-relatorio-da-unesco-faz-um-apelo-aos-politicos\/","title":{"rendered":"O relat\u00f3rio da UNESCO faz um apelo aos pol\u00edticos"},"content":{"rendered":"\t\t<div data-elementor-type=\"wp-post\" data-elementor-id=\"790\" class=\"elementor elementor-790 elementor-534\" data-elementor-post-type=\"post\">\n\t\t\t\t\t\t<section class=\"elementor-section elementor-top-section elementor-element elementor-element-938f056 elementor-section-full_width elementor-section-height-default elementor-section-height-default\" data-id=\"938f056\" data-element_type=\"section\">\n\t\t\t\t\t\t<div class=\"elementor-container elementor-column-gap-default\">\n\t\t\t\t\t<div class=\"elementor-column elementor-col-100 elementor-top-column elementor-element elementor-element-b71aaef\" data-id=\"b71aaef\" data-element_type=\"column\">\n\t\t\t<div class=\"elementor-widget-wrap elementor-element-populated\">\n\t\t\t\t\t\t<div class=\"elementor-element elementor-element-b8e6cb8 elementor-widget elementor-widget-bloque-texto\" data-id=\"b8e6cb8\" data-element_type=\"widget\" data-widget_type=\"bloque-texto.default\">\n\t\t\t\t<div class=\"elementor-widget-container\">\n\t\t\t\t\t<!-- Texto -->\n<section class=\"bloque bloque-texto  \">\n    <div class=\"container\">\n        <div class=\"row justify-content-center\">\n            <div class=\"col-12 col-lg-8\">\n                                <div class=\"the_content\" data-aos=\"fade-up\" data-aos-duration=\"700\">\n                    <p>Uma necessidade cr\u00edtica destacada pelo relat\u00f3rio \u00e9 que os tomadores de decis\u00f5es introduzam pol\u00edticas educacionais que enfoquem o potencial de cada estudante e avaliem o progresso de aprendizagem individual de cada aluno, em vez de se concentrarem na avalia\u00e7\u00e3o baseada em notas ou m\u00e9ritos e comparar os alunos uns com os outros.<\/p>\n                <\/div>\n            <\/div>\n        <\/div>\n    <\/div>\n<\/section>\t\t\t\t<\/div>\n\t\t\t\t<\/div>\n\t\t\t\t<div class=\"elementor-element elementor-element-b8a7874 elementor-widget elementor-widget-bloque-cita\" data-id=\"b8a7874\" data-element_type=\"widget\" data-widget_type=\"bloque-cita.default\">\n\t\t\t\t<div class=\"elementor-widget-container\">\n\t\t\t\t\t<!-- Cita   -->\n<section class=\"bloque bloque-quotes \">\n    <div class=\"container\">\n        <div class=\"row row-cols-auto justify-content-start\">\n            <div class=\"col\">\n                <figure data-aos=\"fade-left\" data-aos-duration=\"700\">\n                    <blockquote class=\"blockquote\">\n                                                <p class=\"subtitulos\">Olhando para o futuro, o relat\u00f3rio pede aos legisladores que invistam em programas de pesquisa em educa\u00e7\u00e3o multidisciplinares, em larga escala, abertos e inclusivos.<\/p>\n                    <\/blockquote>\n                                                        <\/figure>\n            <\/div>\n        <\/div>\n    <\/div>\n<\/section>\t\t\t\t<\/div>\n\t\t\t\t<\/div>\n\t\t\t\t<div class=\"elementor-element elementor-element-40a55f0 elementor-widget elementor-widget-bloque-texto\" data-id=\"40a55f0\" data-element_type=\"widget\" data-widget_type=\"bloque-texto.default\">\n\t\t\t\t<div class=\"elementor-widget-container\">\n\t\t\t\t\t<!-- Texto -->\n<section class=\"bloque bloque-texto  \">\n    <div class=\"container\">\n        <div class=\"row justify-content-center\">\n            <div class=\"col-12 col-lg-8\">\n                                <div class=\"the_content\" data-aos=\"fade-up\" data-aos-duration=\"700\">\n                    <p>Al\u00e9m disso, <a href=\"https:\/\/losfuturosdelaeducacion.fundacion-sm.org\/pt-br\/o-relatorio\/\">o relat\u00f3rio<\/a> apela para esfor\u00e7os urgentes para reorganizar o financiamento da educa\u00e7\u00e3o para reorganizar grades curriculares, pedagogias, pesquisa e avalia\u00e7\u00e3o da aprendizagem para se concentrar no aprendizado cognitivo-emocional.<\/p>\n                <\/div>\n            <\/div>\n        <\/div>\n    <\/div>\n<\/section>\t\t\t\t<\/div>\n\t\t\t\t<\/div>\n\t\t\t\t<div class=\"elementor-element elementor-element-c21a6b6 elementor-widget elementor-widget-bloque-noticias\" data-id=\"c21a6b6\" data-element_type=\"widget\" data-widget_type=\"bloque-noticias.default\">\n\t\t\t\t<div class=\"elementor-widget-container\">\n\t\t\t\t\t<!-- Noticias -->\n<section class=\"bloque bloque-noticias  \">\n    <div class=\"container\">\n        <div class=\"background padding-interno \">\n            <div class=\"row justify-content-center\">\n                <div class=\"col-12 col-lg-10\">               \n                    <div class=\"row titulo-con-enlace\">\n                        <div class=\"col-12\">\n                            <h2 class=\"titulos\" data-aos=\"fade-left\" data-aos-duration=\"700\">M\u00e1s noticias<\/h2>                                                        <a href=\"https:\/\/losfuturosdelaeducacion.fundacion-sm.org\/pt-br\/noticias-pt-br\/\" data-aos=\"fade-right\" data-aos-duration=\"700\" class=\"enlace btn-arrow\" title=\"Ver mais\"><span>Ver mais<\/span><\/a>\n                                                    <\/div>\n                    <\/div>\n                <div class=\"row listado gy-4 gy-lg-5\">\n                                                            <div class=\"col-12 col-sm-6\" data-aos=\"fade-up\" data-aos-delay=\"200\" data-aos-duration=\"700\">\n                                    <a class=\"noticia \" href=\"https:\/\/losfuturosdelaeducacion.fundacion-sm.org\/pt-br\/noticias-pt-br\/unesco-pt-br\/educadores-da-espanha-e-mexico-se-juntam-ao-movimento-os-futuros-da-educacao\/\">\n    <div class=\"row\">\n        <div class=\"col-12\">\n            <div class=\"image\">\n                <img fetchpriority=\"high\" decoding=\"async\" width=\"890\" height=\"560\" src=\"https:\/\/losfuturosdelaeducacion.fundacion-sm.org\/wp-content\/uploads\/sites\/16\/2023\/11\/presentacion-16-junio-destacada-890x560.jpg\" class=\"img-fluid wp-post-image\" alt=\"\" srcset=\"https:\/\/losfuturosdelaeducacion.fundacion-sm.org\/wp-content\/uploads\/sites\/16\/2023\/11\/presentacion-16-junio-destacada-890x560.jpg 890w, https:\/\/losfuturosdelaeducacion.fundacion-sm.org\/wp-content\/uploads\/sites\/16\/2023\/11\/presentacion-16-junio-destacada-1056x664.jpg 1056w\" sizes=\"(max-width: 890px) 100vw, 890px\" \/>            <\/div>\n        <\/div>\n        <div class=\"col-12\">\n            <div class=\"datos\">\n                <div class=\"categoria\">UNESCO<\/div>\n                <div class=\"fecha\">05 julho 2022<\/div>\n                <h3 class=\"subtitulos\">Educadores da Espanha e M\u00e9xico se juntam ao \u201cMovimento Os Futuros da Educa\u00e7\u00e3o\u201d<\/h3>\n            <\/div>\n        <\/div>\n    <\/div>    \n<\/a>                                    <\/div>\n                                                                    <div class=\"col-12 col-sm-6\" data-aos=\"fade-up\" data-aos-delay=\"500\" data-aos-duration=\"700\">\n                                    <a class=\"noticia \" href=\"https:\/\/losfuturosdelaeducacion.fundacion-sm.org\/pt-br\/noticias-pt-br\/unesco-pt-br\/o-relatorio-da-unesco-faz-um-apelo-aos-politicos\/\">\n    <div class=\"row\">\n        <div class=\"col-12\">\n            <div class=\"image\">\n                <img decoding=\"async\" width=\"890\" height=\"560\" src=\"https:\/\/losfuturosdelaeducacion.fundacion-sm.org\/wp-content\/uploads\/sites\/16\/2023\/11\/logotipo-unesco-destacada.png\" class=\"img-fluid wp-post-image\" alt=\"\" srcset=\"https:\/\/losfuturosdelaeducacion.fundacion-sm.org\/wp-content\/uploads\/sites\/16\/2023\/11\/logotipo-unesco-destacada.png 890w, https:\/\/losfuturosdelaeducacion.fundacion-sm.org\/wp-content\/uploads\/sites\/16\/2023\/11\/logotipo-unesco-destacada-300x189.png 300w, https:\/\/losfuturosdelaeducacion.fundacion-sm.org\/wp-content\/uploads\/sites\/16\/2023\/11\/logotipo-unesco-destacada-768x483.png 768w\" sizes=\"(max-width: 890px) 100vw, 890px\" \/>            <\/div>\n        <\/div>\n        <div class=\"col-12\">\n            <div class=\"datos\">\n                <div class=\"categoria\">UNESCO<\/div>\n                <div class=\"fecha\">12 abril 2022<\/div>\n                <h3 class=\"subtitulos\">O relat\u00f3rio da UNESCO faz um apelo aos pol\u00edticos<\/h3>\n            <\/div>\n        <\/div>\n    <\/div>    \n<\/a>                                    <\/div>\n                                                    <\/div>\n                <\/div>\n            <\/div>\n        <\/div>\n    <\/div>\n<\/section>\t\t\t\t<\/div>\n\t\t\t\t<\/div>\n\t\t\t\t\t<\/div>\n\t\t<\/div>\n\t\t\t\t\t<\/div>\n\t\t<\/section>\n\t\t\t\t<\/div>\n\t\t","protected":false},"excerpt":{"rendered":"<p>Uma necessidade cr\u00edtica destacada pelo relat\u00f3rio \u00e9 que os tomadores de decis\u00f5es introduzam pol\u00edticas educacionais que enfoquem o potencial de cada estudante e avaliem o progresso de aprendizagem individual de cada aluno, em vez de se concentrarem na avalia\u00e7\u00e3o baseada em notas ou m\u00e9ritos e comparar os alunos uns com os outros. Olhando para o [&hellip;]<\/p>\n","protected":false},"author":2,"featured_media":536,"comment_status":"closed","ping_status":"closed","sticky":false,"template":"","format":"standard","meta":{"_acf_changed":false,"footnotes":""},"categories":[17,18],"tags":[],"class_list":["post-790","post","type-post","status-publish","format-standard","has-post-thumbnail","hentry","category-noticias-pt-br","category-unesco-pt-br"],"acf":[],"yoast_head":"<!-- This site is optimized with the Yoast SEO plugin v26.7 - https:\/\/yoast.com\/wordpress\/plugins\/seo\/ -->\n<title>O relat\u00f3rio da UNESCO faz um apelo aos pol\u00edticos - Os futuros da educa\u00e7\u00e3o<\/title>\n<meta name=\"description\" content=\"O relat\u00f3rio da UNESCO \u201cReimaginar nossos futuros juntos: um novo contrato social para a educa\u00e7\u00e3o\u201d apela a esfor\u00e7os urgentes para reorganizar o financiamento da educa\u00e7\u00e3o para reorganizar os curr\u00edculos, as pedagogias, a investiga\u00e7\u00e3o e a avalia\u00e7\u00e3o da aprendizagem para se concentrarem na aprendizagem cognitivo-emocional.\" \/>\n<meta name=\"robots\" content=\"index, follow, max-snippet:-1, max-image-preview:large, max-video-preview:-1\" \/>\n<link rel=\"canonical\" href=\"https:\/\/losfuturosdelaeducacion.fundacion-sm.org\/pt-br\/noticias-pt-br\/unesco-pt-br\/o-relatorio-da-unesco-faz-um-apelo-aos-politicos\/\" \/>\n<meta property=\"og:locale\" content=\"pt_BR\" \/>\n<meta property=\"og:type\" content=\"article\" \/>\n<meta property=\"og:title\" content=\"O relat\u00f3rio da UNESCO faz um apelo aos pol\u00edticos - Os futuros da educa\u00e7\u00e3o\" \/>\n<meta property=\"og:description\" content=\"O relat\u00f3rio da UNESCO \u201cReimaginar nossos futuros juntos: um novo contrato social para a educa\u00e7\u00e3o\u201d apela a esfor\u00e7os urgentes para reorganizar o financiamento da educa\u00e7\u00e3o para reorganizar os curr\u00edculos, as pedagogias, a investiga\u00e7\u00e3o e a avalia\u00e7\u00e3o da aprendizagem para se concentrarem na aprendizagem cognitivo-emocional.\" \/>\n<meta property=\"og:url\" content=\"https:\/\/losfuturosdelaeducacion.fundacion-sm.org\/pt-br\/noticias-pt-br\/unesco-pt-br\/o-relatorio-da-unesco-faz-um-apelo-aos-politicos\/\" \/>\n<meta property=\"og:site_name\" content=\"Os futuros da educa\u00e7\u00e3o\" \/>\n<meta property=\"article:published_time\" content=\"2022-04-12T09:51:00+00:00\" \/>\n<meta property=\"article:modified_time\" content=\"2024-02-21T14:53:06+00:00\" \/>\n<meta property=\"og:image\" content=\"https:\/\/losfuturosdelaeducacion.fundacion-sm.org\/wp-content\/uploads\/sites\/16\/2023\/11\/logotipo-unesco-destacada.png\" \/>\n\t<meta property=\"og:image:width\" content=\"890\" \/>\n\t<meta property=\"og:image:height\" content=\"560\" \/>\n\t<meta property=\"og:image:type\" content=\"image\/png\" \/>\n<meta name=\"author\" content=\"Antonio Rockin&#039;Pixels\" \/>\n<meta name=\"twitter:card\" content=\"summary_large_image\" \/>\n<script type=\"application\/ld+json\" class=\"yoast-schema-graph\">{\"@context\":\"https:\/\/schema.org\",\"@graph\":[{\"@type\":\"Article\",\"@id\":\"https:\/\/losfuturosdelaeducacion.fundacion-sm.org\/pt-br\/noticias-pt-br\/unesco-pt-br\/o-relatorio-da-unesco-faz-um-apelo-aos-politicos\/#article\",\"isPartOf\":{\"@id\":\"https:\/\/losfuturosdelaeducacion.fundacion-sm.org\/pt-br\/noticias-pt-br\/unesco-pt-br\/o-relatorio-da-unesco-faz-um-apelo-aos-politicos\/\"},\"author\":{\"name\":\"Antonio Rockin'Pixels\",\"@id\":\"https:\/\/losfuturosdelaeducacion.fundacion-sm.org\/pt-br\/#\/schema\/person\/853f955beb537b852c3687d514f42948\"},\"headline\":\"O relat\u00f3rio da UNESCO faz um apelo aos pol\u00edticos\",\"datePublished\":\"2022-04-12T09:51:00+00:00\",\"dateModified\":\"2024-02-21T14:53:06+00:00\",\"mainEntityOfPage\":{\"@id\":\"https:\/\/losfuturosdelaeducacion.fundacion-sm.org\/pt-br\/noticias-pt-br\/unesco-pt-br\/o-relatorio-da-unesco-faz-um-apelo-aos-politicos\/\"},\"wordCount\":135,\"publisher\":{\"@id\":\"https:\/\/losfuturosdelaeducacion.fundacion-sm.org\/pt-br\/#organization\"},\"image\":{\"@id\":\"https:\/\/losfuturosdelaeducacion.fundacion-sm.org\/pt-br\/noticias-pt-br\/unesco-pt-br\/o-relatorio-da-unesco-faz-um-apelo-aos-politicos\/#primaryimage\"},\"thumbnailUrl\":\"https:\/\/losfuturosdelaeducacion.fundacion-sm.org\/wp-content\/uploads\/sites\/16\/2023\/11\/logotipo-unesco-destacada.png\",\"articleSection\":[\"Not\u00edcias\",\"UNESCO\"],\"inLanguage\":\"pt-BR\"},{\"@type\":\"WebPage\",\"@id\":\"https:\/\/losfuturosdelaeducacion.fundacion-sm.org\/pt-br\/noticias-pt-br\/unesco-pt-br\/o-relatorio-da-unesco-faz-um-apelo-aos-politicos\/\",\"url\":\"https:\/\/losfuturosdelaeducacion.fundacion-sm.org\/pt-br\/noticias-pt-br\/unesco-pt-br\/o-relatorio-da-unesco-faz-um-apelo-aos-politicos\/\",\"name\":\"O relat\u00f3rio da UNESCO faz um apelo aos pol\u00edticos - Os futuros da educa\u00e7\u00e3o\",\"isPartOf\":{\"@id\":\"https:\/\/losfuturosdelaeducacion.fundacion-sm.org\/pt-br\/#website\"},\"primaryImageOfPage\":{\"@id\":\"https:\/\/losfuturosdelaeducacion.fundacion-sm.org\/pt-br\/noticias-pt-br\/unesco-pt-br\/o-relatorio-da-unesco-faz-um-apelo-aos-politicos\/#primaryimage\"},\"image\":{\"@id\":\"https:\/\/losfuturosdelaeducacion.fundacion-sm.org\/pt-br\/noticias-pt-br\/unesco-pt-br\/o-relatorio-da-unesco-faz-um-apelo-aos-politicos\/#primaryimage\"},\"thumbnailUrl\":\"https:\/\/losfuturosdelaeducacion.fundacion-sm.org\/wp-content\/uploads\/sites\/16\/2023\/11\/logotipo-unesco-destacada.png\",\"datePublished\":\"2022-04-12T09:51:00+00:00\",\"dateModified\":\"2024-02-21T14:53:06+00:00\",\"description\":\"O relat\u00f3rio da UNESCO \u201cReimaginar nossos futuros juntos: um novo contrato social para a educa\u00e7\u00e3o\u201d apela a esfor\u00e7os urgentes para reorganizar o financiamento da educa\u00e7\u00e3o para reorganizar os curr\u00edculos, as pedagogias, a investiga\u00e7\u00e3o e a avalia\u00e7\u00e3o da aprendizagem para se concentrarem na aprendizagem cognitivo-emocional.\",\"breadcrumb\":{\"@id\":\"https:\/\/losfuturosdelaeducacion.fundacion-sm.org\/pt-br\/noticias-pt-br\/unesco-pt-br\/o-relatorio-da-unesco-faz-um-apelo-aos-politicos\/#breadcrumb\"},\"inLanguage\":\"pt-BR\",\"potentialAction\":[{\"@type\":\"ReadAction\",\"target\":[\"https:\/\/losfuturosdelaeducacion.fundacion-sm.org\/pt-br\/noticias-pt-br\/unesco-pt-br\/o-relatorio-da-unesco-faz-um-apelo-aos-politicos\/\"]}]},{\"@type\":\"ImageObject\",\"inLanguage\":\"pt-BR\",\"@id\":\"https:\/\/losfuturosdelaeducacion.fundacion-sm.org\/pt-br\/noticias-pt-br\/unesco-pt-br\/o-relatorio-da-unesco-faz-um-apelo-aos-politicos\/#primaryimage\",\"url\":\"https:\/\/losfuturosdelaeducacion.fundacion-sm.org\/wp-content\/uploads\/sites\/16\/2023\/11\/logotipo-unesco-destacada.png\",\"contentUrl\":\"https:\/\/losfuturosdelaeducacion.fundacion-sm.org\/wp-content\/uploads\/sites\/16\/2023\/11\/logotipo-unesco-destacada.png\",\"width\":890,\"height\":560},{\"@type\":\"BreadcrumbList\",\"@id\":\"https:\/\/losfuturosdelaeducacion.fundacion-sm.org\/pt-br\/noticias-pt-br\/unesco-pt-br\/o-relatorio-da-unesco-faz-um-apelo-aos-politicos\/#breadcrumb\",\"itemListElement\":[{\"@type\":\"ListItem\",\"position\":1,\"name\":\"Home\",\"item\":\"https:\/\/losfuturosdelaeducacion.fundacion-sm.org\/pt-br\/\"},{\"@type\":\"ListItem\",\"position\":2,\"name\":\"Not\u00edcias\",\"item\":\"https:\/\/losfuturosdelaeducacion.fundacion-sm.org\/pt-br\/noticias-pt-br\/\"},{\"@type\":\"ListItem\",\"position\":3,\"name\":\"UNESCO\",\"item\":\"https:\/\/losfuturosdelaeducacion.fundacion-sm.org\/pt-br\/noticias-pt-br\/unesco-pt-br\/\"},{\"@type\":\"ListItem\",\"position\":4,\"name\":\"O relat\u00f3rio da UNESCO faz um apelo aos pol\u00edticos\"}]},{\"@type\":\"WebSite\",\"@id\":\"https:\/\/losfuturosdelaeducacion.fundacion-sm.org\/pt-br\/#website\",\"url\":\"https:\/\/losfuturosdelaeducacion.fundacion-sm.org\/pt-br\/\",\"name\":\"Os futuros da educa\u00e7\u00e3o\",\"description\":\"\",\"publisher\":{\"@id\":\"https:\/\/losfuturosdelaeducacion.fundacion-sm.org\/pt-br\/#organization\"},\"potentialAction\":[{\"@type\":\"SearchAction\",\"target\":{\"@type\":\"EntryPoint\",\"urlTemplate\":\"https:\/\/losfuturosdelaeducacion.fundacion-sm.org\/pt-br\/?s={search_term_string}\"},\"query-input\":{\"@type\":\"PropertyValueSpecification\",\"valueRequired\":true,\"valueName\":\"search_term_string\"}}],\"inLanguage\":\"pt-BR\"},{\"@type\":\"Organization\",\"@id\":\"https:\/\/losfuturosdelaeducacion.fundacion-sm.org\/pt-br\/#organization\",\"name\":\"Os futuros da educa\u00e7\u00e3o\",\"url\":\"https:\/\/losfuturosdelaeducacion.fundacion-sm.org\/pt-br\/\",\"logo\":{\"@type\":\"ImageObject\",\"inLanguage\":\"pt-BR\",\"@id\":\"https:\/\/losfuturosdelaeducacion.fundacion-sm.org\/pt-br\/#\/schema\/logo\/image\/\",\"url\":\"https:\/\/losfuturosdelaeducacion.fundacion-sm.org\/wp-content\/uploads\/sites\/16\/2023\/11\/futuros-logo-portugues.png\",\"contentUrl\":\"https:\/\/losfuturosdelaeducacion.fundacion-sm.org\/wp-content\/uploads\/sites\/16\/2023\/11\/futuros-logo-portugues.png\",\"width\":423,\"height\":264,\"caption\":\"Os futuros da educa\u00e7\u00e3o\"},\"image\":{\"@id\":\"https:\/\/losfuturosdelaeducacion.fundacion-sm.org\/pt-br\/#\/schema\/logo\/image\/\"}},{\"@type\":\"Person\",\"@id\":\"https:\/\/losfuturosdelaeducacion.fundacion-sm.org\/pt-br\/#\/schema\/person\/853f955beb537b852c3687d514f42948\",\"name\":\"Antonio Rockin'Pixels\"}]}<\/script>\n<!-- \/ Yoast SEO plugin. -->","yoast_head_json":{"title":"O relat\u00f3rio da UNESCO faz um apelo aos pol\u00edticos - Os futuros da educa\u00e7\u00e3o","description":"O relat\u00f3rio da UNESCO \u201cReimaginar nossos futuros juntos: um novo contrato social para a educa\u00e7\u00e3o\u201d apela a esfor\u00e7os urgentes para reorganizar o financiamento da educa\u00e7\u00e3o para reorganizar os curr\u00edculos, as pedagogias, a investiga\u00e7\u00e3o e a avalia\u00e7\u00e3o da aprendizagem para se concentrarem na aprendizagem cognitivo-emocional.","robots":{"index":"index","follow":"follow","max-snippet":"max-snippet:-1","max-image-preview":"max-image-preview:large","max-video-preview":"max-video-preview:-1"},"canonical":"https:\/\/losfuturosdelaeducacion.fundacion-sm.org\/pt-br\/noticias-pt-br\/unesco-pt-br\/o-relatorio-da-unesco-faz-um-apelo-aos-politicos\/","og_locale":"pt_BR","og_type":"article","og_title":"O relat\u00f3rio da UNESCO faz um apelo aos pol\u00edticos - Os futuros da educa\u00e7\u00e3o","og_description":"O relat\u00f3rio da UNESCO \u201cReimaginar nossos futuros juntos: um novo contrato social para a educa\u00e7\u00e3o\u201d apela a esfor\u00e7os urgentes para reorganizar o financiamento da educa\u00e7\u00e3o para reorganizar os curr\u00edculos, as pedagogias, a investiga\u00e7\u00e3o e a avalia\u00e7\u00e3o da aprendizagem para se concentrarem na aprendizagem cognitivo-emocional.","og_url":"https:\/\/losfuturosdelaeducacion.fundacion-sm.org\/pt-br\/noticias-pt-br\/unesco-pt-br\/o-relatorio-da-unesco-faz-um-apelo-aos-politicos\/","og_site_name":"Os futuros da educa\u00e7\u00e3o","article_published_time":"2022-04-12T09:51:00+00:00","article_modified_time":"2024-02-21T14:53:06+00:00","og_image":[{"width":890,"height":560,"url":"https:\/\/losfuturosdelaeducacion.fundacion-sm.org\/wp-content\/uploads\/sites\/16\/2023\/11\/logotipo-unesco-destacada.png","type":"image\/png"}],"author":"Antonio Rockin'Pixels","twitter_card":"summary_large_image","schema":{"@context":"https:\/\/schema.org","@graph":[{"@type":"Article","@id":"https:\/\/losfuturosdelaeducacion.fundacion-sm.org\/pt-br\/noticias-pt-br\/unesco-pt-br\/o-relatorio-da-unesco-faz-um-apelo-aos-politicos\/#article","isPartOf":{"@id":"https:\/\/losfuturosdelaeducacion.fundacion-sm.org\/pt-br\/noticias-pt-br\/unesco-pt-br\/o-relatorio-da-unesco-faz-um-apelo-aos-politicos\/"},"author":{"name":"Antonio Rockin'Pixels","@id":"https:\/\/losfuturosdelaeducacion.fundacion-sm.org\/pt-br\/#\/schema\/person\/853f955beb537b852c3687d514f42948"},"headline":"O relat\u00f3rio da UNESCO faz um apelo aos pol\u00edticos","datePublished":"2022-04-12T09:51:00+00:00","dateModified":"2024-02-21T14:53:06+00:00","mainEntityOfPage":{"@id":"https:\/\/losfuturosdelaeducacion.fundacion-sm.org\/pt-br\/noticias-pt-br\/unesco-pt-br\/o-relatorio-da-unesco-faz-um-apelo-aos-politicos\/"},"wordCount":135,"publisher":{"@id":"https:\/\/losfuturosdelaeducacion.fundacion-sm.org\/pt-br\/#organization"},"image":{"@id":"https:\/\/losfuturosdelaeducacion.fundacion-sm.org\/pt-br\/noticias-pt-br\/unesco-pt-br\/o-relatorio-da-unesco-faz-um-apelo-aos-politicos\/#primaryimage"},"thumbnailUrl":"https:\/\/losfuturosdelaeducacion.fundacion-sm.org\/wp-content\/uploads\/sites\/16\/2023\/11\/logotipo-unesco-destacada.png","articleSection":["Not\u00edcias","UNESCO"],"inLanguage":"pt-BR"},{"@type":"WebPage","@id":"https:\/\/losfuturosdelaeducacion.fundacion-sm.org\/pt-br\/noticias-pt-br\/unesco-pt-br\/o-relatorio-da-unesco-faz-um-apelo-aos-politicos\/","url":"https:\/\/losfuturosdelaeducacion.fundacion-sm.org\/pt-br\/noticias-pt-br\/unesco-pt-br\/o-relatorio-da-unesco-faz-um-apelo-aos-politicos\/","name":"O relat\u00f3rio da UNESCO faz um apelo aos pol\u00edticos - Os futuros da educa\u00e7\u00e3o","isPartOf":{"@id":"https:\/\/losfuturosdelaeducacion.fundacion-sm.org\/pt-br\/#website"},"primaryImageOfPage":{"@id":"https:\/\/losfuturosdelaeducacion.fundacion-sm.org\/pt-br\/noticias-pt-br\/unesco-pt-br\/o-relatorio-da-unesco-faz-um-apelo-aos-politicos\/#primaryimage"},"image":{"@id":"https:\/\/losfuturosdelaeducacion.fundacion-sm.org\/pt-br\/noticias-pt-br\/unesco-pt-br\/o-relatorio-da-unesco-faz-um-apelo-aos-politicos\/#primaryimage"},"thumbnailUrl":"https:\/\/losfuturosdelaeducacion.fundacion-sm.org\/wp-content\/uploads\/sites\/16\/2023\/11\/logotipo-unesco-destacada.png","datePublished":"2022-04-12T09:51:00+00:00","dateModified":"2024-02-21T14:53:06+00:00","description":"O relat\u00f3rio da UNESCO \u201cReimaginar nossos futuros juntos: um novo contrato social para a educa\u00e7\u00e3o\u201d apela a esfor\u00e7os urgentes para reorganizar o financiamento da educa\u00e7\u00e3o para reorganizar os curr\u00edculos, as pedagogias, a investiga\u00e7\u00e3o e a avalia\u00e7\u00e3o da aprendizagem para se concentrarem na aprendizagem cognitivo-emocional.","breadcrumb":{"@id":"https:\/\/losfuturosdelaeducacion.fundacion-sm.org\/pt-br\/noticias-pt-br\/unesco-pt-br\/o-relatorio-da-unesco-faz-um-apelo-aos-politicos\/#breadcrumb"},"inLanguage":"pt-BR","potentialAction":[{"@type":"ReadAction","target":["https:\/\/losfuturosdelaeducacion.fundacion-sm.org\/pt-br\/noticias-pt-br\/unesco-pt-br\/o-relatorio-da-unesco-faz-um-apelo-aos-politicos\/"]}]},{"@type":"ImageObject","inLanguage":"pt-BR","@id":"https:\/\/losfuturosdelaeducacion.fundacion-sm.org\/pt-br\/noticias-pt-br\/unesco-pt-br\/o-relatorio-da-unesco-faz-um-apelo-aos-politicos\/#primaryimage","url":"https:\/\/losfuturosdelaeducacion.fundacion-sm.org\/wp-content\/uploads\/sites\/16\/2023\/11\/logotipo-unesco-destacada.png","contentUrl":"https:\/\/losfuturosdelaeducacion.fundacion-sm.org\/wp-content\/uploads\/sites\/16\/2023\/11\/logotipo-unesco-destacada.png","width":890,"height":560},{"@type":"BreadcrumbList","@id":"https:\/\/losfuturosdelaeducacion.fundacion-sm.org\/pt-br\/noticias-pt-br\/unesco-pt-br\/o-relatorio-da-unesco-faz-um-apelo-aos-politicos\/#breadcrumb","itemListElement":[{"@type":"ListItem","position":1,"name":"Home","item":"https:\/\/losfuturosdelaeducacion.fundacion-sm.org\/pt-br\/"},{"@type":"ListItem","position":2,"name":"Not\u00edcias","item":"https:\/\/losfuturosdelaeducacion.fundacion-sm.org\/pt-br\/noticias-pt-br\/"},{"@type":"ListItem","position":3,"name":"UNESCO","item":"https:\/\/losfuturosdelaeducacion.fundacion-sm.org\/pt-br\/noticias-pt-br\/unesco-pt-br\/"},{"@type":"ListItem","position":4,"name":"O relat\u00f3rio da UNESCO faz um apelo aos pol\u00edticos"}]},{"@type":"WebSite","@id":"https:\/\/losfuturosdelaeducacion.fundacion-sm.org\/pt-br\/#website","url":"https:\/\/losfuturosdelaeducacion.fundacion-sm.org\/pt-br\/","name":"Os futuros da educa\u00e7\u00e3o","description":"","publisher":{"@id":"https:\/\/losfuturosdelaeducacion.fundacion-sm.org\/pt-br\/#organization"},"potentialAction":[{"@type":"SearchAction","target":{"@type":"EntryPoint","urlTemplate":"https:\/\/losfuturosdelaeducacion.fundacion-sm.org\/pt-br\/?s={search_term_string}"},"query-input":{"@type":"PropertyValueSpecification","valueRequired":true,"valueName":"search_term_string"}}],"inLanguage":"pt-BR"},{"@type":"Organization","@id":"https:\/\/losfuturosdelaeducacion.fundacion-sm.org\/pt-br\/#organization","name":"Os futuros da educa\u00e7\u00e3o","url":"https:\/\/losfuturosdelaeducacion.fundacion-sm.org\/pt-br\/","logo":{"@type":"ImageObject","inLanguage":"pt-BR","@id":"https:\/\/losfuturosdelaeducacion.fundacion-sm.org\/pt-br\/#\/schema\/logo\/image\/","url":"https:\/\/losfuturosdelaeducacion.fundacion-sm.org\/wp-content\/uploads\/sites\/16\/2023\/11\/futuros-logo-portugues.png","contentUrl":"https:\/\/losfuturosdelaeducacion.fundacion-sm.org\/wp-content\/uploads\/sites\/16\/2023\/11\/futuros-logo-portugues.png","width":423,"height":264,"caption":"Os futuros da educa\u00e7\u00e3o"},"image":{"@id":"https:\/\/losfuturosdelaeducacion.fundacion-sm.org\/pt-br\/#\/schema\/logo\/image\/"}},{"@type":"Person","@id":"https:\/\/losfuturosdelaeducacion.fundacion-sm.org\/pt-br\/#\/schema\/person\/853f955beb537b852c3687d514f42948","name":"Antonio Rockin'Pixels"}]}},"_links":{"self":[{"href":"https:\/\/losfuturosdelaeducacion.fundacion-sm.org\/pt-br\/wp-json\/wp\/v2\/posts\/790","targetHints":{"allow":["GET"]}}],"collection":[{"href":"https:\/\/losfuturosdelaeducacion.fundacion-sm.org\/pt-br\/wp-json\/wp\/v2\/posts"}],"about":[{"href":"https:\/\/losfuturosdelaeducacion.fundacion-sm.org\/pt-br\/wp-json\/wp\/v2\/types\/post"}],"author":[{"embeddable":true,"href":"https:\/\/losfuturosdelaeducacion.fundacion-sm.org\/pt-br\/wp-json\/wp\/v2\/users\/2"}],"replies":[{"embeddable":true,"href":"https:\/\/losfuturosdelaeducacion.fundacion-sm.org\/pt-br\/wp-json\/wp\/v2\/comments?post=790"}],"version-history":[{"count":4,"href":"https:\/\/losfuturosdelaeducacion.fundacion-sm.org\/pt-br\/wp-json\/wp\/v2\/posts\/790\/revisions"}],"predecessor-version":[{"id":795,"href":"https:\/\/losfuturosdelaeducacion.fundacion-sm.org\/pt-br\/wp-json\/wp\/v2\/posts\/790\/revisions\/795"}],"wp:featuredmedia":[{"embeddable":true,"href":"https:\/\/losfuturosdelaeducacion.fundacion-sm.org\/pt-br\/wp-json\/wp\/v2\/media\/536"}],"wp:attachment":[{"href":"https:\/\/losfuturosdelaeducacion.fundacion-sm.org\/pt-br\/wp-json\/wp\/v2\/media?parent=790"}],"wp:term":[{"taxonomy":"category","embeddable":true,"href":"https:\/\/losfuturosdelaeducacion.fundacion-sm.org\/pt-br\/wp-json\/wp\/v2\/categories?post=790"},{"taxonomy":"post_tag","embeddable":true,"href":"https:\/\/losfuturosdelaeducacion.fundacion-sm.org\/pt-br\/wp-json\/wp\/v2\/tags?post=790"}],"curies":[{"name":"wp","href":"https:\/\/api.w.org\/{rel}","templated":true}]}}