{"id":796,"date":"2022-04-12T09:05:00","date_gmt":"2022-04-12T07:05:00","guid":{"rendered":"https:\/\/losfuturosdelaeducacion.fundacion-sm.org\/noticias-pt-br\/nao-categorizado\/reimaginar-la-educacion-despues-de-la-covid\/"},"modified":"2024-02-21T15:51:54","modified_gmt":"2024-02-21T14:51:54","slug":"reimaginar-a-educacao-depois-da-covid-19","status":"publish","type":"post","link":"https:\/\/losfuturosdelaeducacion.fundacion-sm.org\/pt-br\/noticias-pt-br\/covid-19-pt-br\/reimaginar-a-educacao-depois-da-covid-19\/","title":{"rendered":"Reimaginar a educa\u00e7\u00e3o depois da COVID-19"},"content":{"rendered":"\t\t<div data-elementor-type=\"wp-post\" data-elementor-id=\"796\" class=\"elementor elementor-796 elementor-238\" data-elementor-post-type=\"post\">\n\t\t\t\t\t\t<section class=\"elementor-section elementor-top-section elementor-element elementor-element-e4b92c0 elementor-section-full_width elementor-section-height-default elementor-section-height-default\" data-id=\"e4b92c0\" data-element_type=\"section\">\n\t\t\t\t\t\t<div class=\"elementor-container elementor-column-gap-default\">\n\t\t\t\t\t<div class=\"elementor-column elementor-col-100 elementor-top-column elementor-element elementor-element-acd17cc\" data-id=\"acd17cc\" data-element_type=\"column\">\n\t\t\t<div class=\"elementor-widget-wrap elementor-element-populated\">\n\t\t\t\t\t\t<div class=\"elementor-element elementor-element-65f4c7d elementor-widget elementor-widget-bloque-texto\" data-id=\"65f4c7d\" data-element_type=\"widget\" data-widget_type=\"bloque-texto.default\">\n\t\t\t\t<div class=\"elementor-widget-container\">\n\t\t\t\t\t<!-- Texto -->\n<section class=\"bloque bloque-texto  \">\n    <div class=\"container\">\n        <div class=\"row justify-content-center\">\n            <div class=\"col-12 col-lg-8\">\n                                <div class=\"the_content\" data-aos=\"fade-up\" data-aos-duration=\"700\">\n                    <p>O relat\u00f3rio <a href=\"https:\/\/losfuturosdelaeducacion.fundacion-sm.org\/pt-br\/o-relatorio\/\">\u201cReimaginar nossos futuros juntos: Um novo contrato social para a educa\u00e7\u00e3o\u201d<\/a> chega \u00e0 Espanha e ao Brasil justamente quando o mundo lida com as consequ\u00eancias da pandemia da <strong>COVID-19<\/strong>, que colocou em perigo as chances de alcan\u00e7ar as <strong>Objetivos de Desenvolvimento Sustent\u00e1vel (ODS)<\/strong> das Na\u00e7\u00f5es Unidas.<\/p>\n<p>D\u00e9cadas de progresso na educa\u00e7\u00e3o tamb\u00e9m s\u00e3o constantemente amea\u00e7adas por conflitos em n\u00edvel mundial. O relat\u00f3rio revela que mais de um ter\u00e7o (37%) das crian\u00e7as refugiadas em idade escolar prim\u00e1ria n\u00e3o frequentam a escola e apenas 24% t\u00eam acesso ao ensino m\u00e9dio. O acesso ao ensino superior \u00e9 um desolador 3% entre as popula\u00e7\u00f5es de refugiados.<\/p>\n                <\/div>\n            <\/div>\n        <\/div>\n    <\/div>\n<\/section>\t\t\t\t<\/div>\n\t\t\t\t<\/div>\n\t\t\t\t<div class=\"elementor-element elementor-element-bdebf55 elementor-widget elementor-widget-bloque-cita\" data-id=\"bdebf55\" data-element_type=\"widget\" data-widget_type=\"bloque-cita.default\">\n\t\t\t\t<div class=\"elementor-widget-container\">\n\t\t\t\t\t<!-- Cita   -->\n<section class=\"bloque bloque-quotes \">\n    <div class=\"container\">\n        <div class=\"row row-cols-auto justify-content-start\">\n            <div class=\"col\">\n                <figure data-aos=\"fade-left\" data-aos-duration=\"700\">\n                    <blockquote class=\"blockquote\">\n                                                <p class=\"subtitulos\">A Avalia\u00e7\u00e3o contribui para repensar os futuros da educa\u00e7\u00e3o para construir sistemas educacionais mais resilientes e sustent\u00e1veis que possam resistir \u00e0 crise atual.<\/p>\n                    <\/blockquote>\n                                                        <\/figure>\n            <\/div>\n        <\/div>\n    <\/div>\n<\/section>\t\t\t\t<\/div>\n\t\t\t\t<\/div>\n\t\t\t\t<div class=\"elementor-element elementor-element-d967fe6 elementor-widget elementor-widget-bloque-noticias\" data-id=\"d967fe6\" data-element_type=\"widget\" data-widget_type=\"bloque-noticias.default\">\n\t\t\t\t<div class=\"elementor-widget-container\">\n\t\t\t\t\t<!-- Noticias -->\n<section class=\"bloque bloque-noticias  \">\n    <div class=\"container\">\n        <div class=\"background padding-interno \">\n            <div class=\"row justify-content-center\">\n                <div class=\"col-12 col-lg-10\">               \n                    <div class=\"row titulo-con-enlace\">\n                        <div class=\"col-12\">\n                            <h2 class=\"titulos\" data-aos=\"fade-left\" data-aos-duration=\"700\">M\u00e1s noticias<\/h2>                                                        <a href=\"https:\/\/losfuturosdelaeducacion.fundacion-sm.org\/pt-br\/noticias-pt-br\/\" data-aos=\"fade-right\" data-aos-duration=\"700\" class=\"enlace btn-arrow\" title=\"Ver mais\"><span>Ver mais<\/span><\/a>\n                                                    <\/div>\n                    <\/div>\n                <div class=\"row listado gy-4 gy-lg-5\">\n                                                            <div class=\"col-12 col-sm-6\" data-aos=\"fade-up\" data-aos-delay=\"200\" data-aos-duration=\"700\">\n                                    <a class=\"noticia \" href=\"https:\/\/losfuturosdelaeducacion.fundacion-sm.org\/pt-br\/noticias-pt-br\/unesco-pt-br\/educadores-da-espanha-e-mexico-se-juntam-ao-movimento-os-futuros-da-educacao\/\">\n    <div class=\"row\">\n        <div class=\"col-12\">\n            <div class=\"image\">\n                <img fetchpriority=\"high\" decoding=\"async\" width=\"890\" height=\"560\" src=\"https:\/\/losfuturosdelaeducacion.fundacion-sm.org\/wp-content\/uploads\/sites\/16\/2023\/11\/presentacion-16-junio-destacada-890x560.jpg\" class=\"img-fluid wp-post-image\" alt=\"\" srcset=\"https:\/\/losfuturosdelaeducacion.fundacion-sm.org\/wp-content\/uploads\/sites\/16\/2023\/11\/presentacion-16-junio-destacada-890x560.jpg 890w, https:\/\/losfuturosdelaeducacion.fundacion-sm.org\/wp-content\/uploads\/sites\/16\/2023\/11\/presentacion-16-junio-destacada-1056x664.jpg 1056w\" sizes=\"(max-width: 890px) 100vw, 890px\" \/>            <\/div>\n        <\/div>\n        <div class=\"col-12\">\n            <div class=\"datos\">\n                <div class=\"categoria\">UNESCO<\/div>\n                <div class=\"fecha\">05 julho 2022<\/div>\n                <h3 class=\"subtitulos\">Educadores da Espanha e M\u00e9xico se juntam ao \u201cMovimento Os Futuros da Educa\u00e7\u00e3o\u201d<\/h3>\n            <\/div>\n        <\/div>\n    <\/div>    \n<\/a>                                    <\/div>\n                                                                    <div class=\"col-12 col-sm-6\" data-aos=\"fade-up\" data-aos-delay=\"500\" data-aos-duration=\"700\">\n                                    <a class=\"noticia \" href=\"https:\/\/losfuturosdelaeducacion.fundacion-sm.org\/pt-br\/noticias-pt-br\/unesco-pt-br\/o-relatorio-da-unesco-faz-um-apelo-aos-politicos\/\">\n    <div class=\"row\">\n        <div class=\"col-12\">\n            <div class=\"image\">\n                <img decoding=\"async\" width=\"890\" height=\"560\" src=\"https:\/\/losfuturosdelaeducacion.fundacion-sm.org\/wp-content\/uploads\/sites\/16\/2023\/11\/logotipo-unesco-destacada.png\" class=\"img-fluid wp-post-image\" alt=\"\" srcset=\"https:\/\/losfuturosdelaeducacion.fundacion-sm.org\/wp-content\/uploads\/sites\/16\/2023\/11\/logotipo-unesco-destacada.png 890w, https:\/\/losfuturosdelaeducacion.fundacion-sm.org\/wp-content\/uploads\/sites\/16\/2023\/11\/logotipo-unesco-destacada-300x189.png 300w, https:\/\/losfuturosdelaeducacion.fundacion-sm.org\/wp-content\/uploads\/sites\/16\/2023\/11\/logotipo-unesco-destacada-768x483.png 768w\" sizes=\"(max-width: 890px) 100vw, 890px\" \/>            <\/div>\n        <\/div>\n        <div class=\"col-12\">\n            <div class=\"datos\">\n                <div class=\"categoria\">UNESCO<\/div>\n                <div class=\"fecha\">12 abril 2022<\/div>\n                <h3 class=\"subtitulos\">O relat\u00f3rio da UNESCO faz um apelo aos pol\u00edticos<\/h3>\n            <\/div>\n        <\/div>\n    <\/div>    \n<\/a>                                    <\/div>\n                                                    <\/div>\n                <\/div>\n            <\/div>\n        <\/div>\n    <\/div>\n<\/section>\t\t\t\t<\/div>\n\t\t\t\t<\/div>\n\t\t\t\t\t<\/div>\n\t\t<\/div>\n\t\t\t\t\t<\/div>\n\t\t<\/section>\n\t\t\t\t<\/div>\n\t\t","protected":false},"excerpt":{"rendered":"<p>O relat\u00f3rio \u201cReimaginar nossos futuros juntos: Um novo contrato social para a educa\u00e7\u00e3o\u201d chega \u00e0 Espanha e ao Brasil justamente quando o mundo lida com as consequ\u00eancias da pandemia da COVID-19, que colocou em perigo as chances de alcan\u00e7ar as Objetivos de Desenvolvimento Sustent\u00e1vel (ODS) das Na\u00e7\u00f5es Unidas. D\u00e9cadas de progresso na educa\u00e7\u00e3o tamb\u00e9m s\u00e3o [&hellip;]<\/p>\n","protected":false},"author":2,"featured_media":495,"comment_status":"closed","ping_status":"closed","sticky":false,"template":"","format":"standard","meta":{"_acf_changed":false,"footnotes":""},"categories":[20,17,19,18],"tags":[],"class_list":["post-796","post","type-post","status-publish","format-standard","has-post-thumbnail","hentry","category-covid-19-pt-br","category-noticias-pt-br","category-ods-nacoes-unidas","category-unesco-pt-br"],"acf":[],"yoast_head":"<!-- This site is optimized with the Yoast SEO plugin v26.7 - https:\/\/yoast.com\/wordpress\/plugins\/seo\/ -->\n<title>Reimaginar a educa\u00e7\u00e3o depois da COVID-19 - Os futuros da educa\u00e7\u00e3o<\/title>\n<meta name=\"description\" content=\"O relat\u00f3rio \u201cOs Futuros da Educa\u00e7\u00e3o: Reimaginar juntos um novo contrato social\u201d chega a Espanha num momento em que o mundo lida com as consequ\u00eancias da COVID-19, que colocou em risco as possibilidades de alcan\u00e7ar os Objectivos de Desenvolvimento Sustent\u00e1vel (ODS) das Na\u00e7\u00f5es Unidas.\" \/>\n<meta name=\"robots\" content=\"index, follow, max-snippet:-1, max-image-preview:large, max-video-preview:-1\" \/>\n<link rel=\"canonical\" href=\"https:\/\/losfuturosdelaeducacion.fundacion-sm.org\/pt-br\/noticias-pt-br\/covid-19-pt-br\/reimaginar-a-educacao-depois-da-covid-19\/\" \/>\n<meta property=\"og:locale\" content=\"pt_BR\" \/>\n<meta property=\"og:type\" content=\"article\" \/>\n<meta property=\"og:title\" content=\"Reimaginar a educa\u00e7\u00e3o depois da COVID-19 - Os futuros da educa\u00e7\u00e3o\" \/>\n<meta property=\"og:description\" content=\"O relat\u00f3rio \u201cOs Futuros da Educa\u00e7\u00e3o: Reimaginar juntos um novo contrato social\u201d chega a Espanha num momento em que o mundo lida com as consequ\u00eancias da COVID-19, que colocou em risco as possibilidades de alcan\u00e7ar os Objectivos de Desenvolvimento Sustent\u00e1vel (ODS) das Na\u00e7\u00f5es Unidas.\" \/>\n<meta property=\"og:url\" content=\"https:\/\/losfuturosdelaeducacion.fundacion-sm.org\/pt-br\/noticias-pt-br\/covid-19-pt-br\/reimaginar-a-educacao-depois-da-covid-19\/\" \/>\n<meta property=\"og:site_name\" content=\"Os futuros da educa\u00e7\u00e3o\" \/>\n<meta property=\"article:published_time\" content=\"2022-04-12T07:05:00+00:00\" \/>\n<meta property=\"article:modified_time\" content=\"2024-02-21T14:51:54+00:00\" \/>\n<meta property=\"og:image\" content=\"https:\/\/losfuturosdelaeducacion.fundacion-sm.org\/wp-content\/uploads\/sites\/16\/2022\/04\/reimaginar-la-educacion-despues-de-la-covid-19.jpg\" \/>\n\t<meta property=\"og:image:width\" content=\"1280\" \/>\n\t<meta property=\"og:image:height\" content=\"854\" \/>\n\t<meta property=\"og:image:type\" content=\"image\/jpeg\" \/>\n<meta name=\"author\" content=\"Antonio Rockin&#039;Pixels\" \/>\n<meta name=\"twitter:card\" content=\"summary_large_image\" \/>\n<script type=\"application\/ld+json\" class=\"yoast-schema-graph\">{\"@context\":\"https:\/\/schema.org\",\"@graph\":[{\"@type\":\"Article\",\"@id\":\"https:\/\/losfuturosdelaeducacion.fundacion-sm.org\/pt-br\/noticias-pt-br\/covid-19-pt-br\/reimaginar-a-educacao-depois-da-covid-19\/#article\",\"isPartOf\":{\"@id\":\"https:\/\/losfuturosdelaeducacion.fundacion-sm.org\/pt-br\/noticias-pt-br\/covid-19-pt-br\/reimaginar-a-educacao-depois-da-covid-19\/\"},\"author\":{\"name\":\"Antonio Rockin'Pixels\",\"@id\":\"https:\/\/losfuturosdelaeducacion.fundacion-sm.org\/pt-br\/#\/schema\/person\/853f955beb537b852c3687d514f42948\"},\"headline\":\"Reimaginar a educa\u00e7\u00e3o depois da COVID-19\",\"datePublished\":\"2022-04-12T07:05:00+00:00\",\"dateModified\":\"2024-02-21T14:51:54+00:00\",\"mainEntityOfPage\":{\"@id\":\"https:\/\/losfuturosdelaeducacion.fundacion-sm.org\/pt-br\/noticias-pt-br\/covid-19-pt-br\/reimaginar-a-educacao-depois-da-covid-19\/\"},\"wordCount\":157,\"publisher\":{\"@id\":\"https:\/\/losfuturosdelaeducacion.fundacion-sm.org\/pt-br\/#organization\"},\"image\":{\"@id\":\"https:\/\/losfuturosdelaeducacion.fundacion-sm.org\/pt-br\/noticias-pt-br\/covid-19-pt-br\/reimaginar-a-educacao-depois-da-covid-19\/#primaryimage\"},\"thumbnailUrl\":\"https:\/\/losfuturosdelaeducacion.fundacion-sm.org\/wp-content\/uploads\/sites\/16\/2022\/04\/reimaginar-la-educacion-despues-de-la-covid-19.jpg\",\"articleSection\":[\"COVID-19\",\"Not\u00edcias\",\"ODS Na\u00e7\u00f5es Unidas\",\"UNESCO\"],\"inLanguage\":\"pt-BR\"},{\"@type\":\"WebPage\",\"@id\":\"https:\/\/losfuturosdelaeducacion.fundacion-sm.org\/pt-br\/noticias-pt-br\/covid-19-pt-br\/reimaginar-a-educacao-depois-da-covid-19\/\",\"url\":\"https:\/\/losfuturosdelaeducacion.fundacion-sm.org\/pt-br\/noticias-pt-br\/covid-19-pt-br\/reimaginar-a-educacao-depois-da-covid-19\/\",\"name\":\"Reimaginar a educa\u00e7\u00e3o depois da COVID-19 - Os futuros da educa\u00e7\u00e3o\",\"isPartOf\":{\"@id\":\"https:\/\/losfuturosdelaeducacion.fundacion-sm.org\/pt-br\/#website\"},\"primaryImageOfPage\":{\"@id\":\"https:\/\/losfuturosdelaeducacion.fundacion-sm.org\/pt-br\/noticias-pt-br\/covid-19-pt-br\/reimaginar-a-educacao-depois-da-covid-19\/#primaryimage\"},\"image\":{\"@id\":\"https:\/\/losfuturosdelaeducacion.fundacion-sm.org\/pt-br\/noticias-pt-br\/covid-19-pt-br\/reimaginar-a-educacao-depois-da-covid-19\/#primaryimage\"},\"thumbnailUrl\":\"https:\/\/losfuturosdelaeducacion.fundacion-sm.org\/wp-content\/uploads\/sites\/16\/2022\/04\/reimaginar-la-educacion-despues-de-la-covid-19.jpg\",\"datePublished\":\"2022-04-12T07:05:00+00:00\",\"dateModified\":\"2024-02-21T14:51:54+00:00\",\"description\":\"O relat\u00f3rio \u201cOs Futuros da Educa\u00e7\u00e3o: Reimaginar juntos um novo contrato social\u201d chega a Espanha num momento em que o mundo lida com as consequ\u00eancias da COVID-19, que colocou em risco as possibilidades de alcan\u00e7ar os Objectivos de Desenvolvimento Sustent\u00e1vel (ODS) das Na\u00e7\u00f5es Unidas.\",\"breadcrumb\":{\"@id\":\"https:\/\/losfuturosdelaeducacion.fundacion-sm.org\/pt-br\/noticias-pt-br\/covid-19-pt-br\/reimaginar-a-educacao-depois-da-covid-19\/#breadcrumb\"},\"inLanguage\":\"pt-BR\",\"potentialAction\":[{\"@type\":\"ReadAction\",\"target\":[\"https:\/\/losfuturosdelaeducacion.fundacion-sm.org\/pt-br\/noticias-pt-br\/covid-19-pt-br\/reimaginar-a-educacao-depois-da-covid-19\/\"]}]},{\"@type\":\"ImageObject\",\"inLanguage\":\"pt-BR\",\"@id\":\"https:\/\/losfuturosdelaeducacion.fundacion-sm.org\/pt-br\/noticias-pt-br\/covid-19-pt-br\/reimaginar-a-educacao-depois-da-covid-19\/#primaryimage\",\"url\":\"https:\/\/losfuturosdelaeducacion.fundacion-sm.org\/wp-content\/uploads\/sites\/16\/2022\/04\/reimaginar-la-educacion-despues-de-la-covid-19.jpg\",\"contentUrl\":\"https:\/\/losfuturosdelaeducacion.fundacion-sm.org\/wp-content\/uploads\/sites\/16\/2022\/04\/reimaginar-la-educacion-despues-de-la-covid-19.jpg\",\"width\":1280,\"height\":854},{\"@type\":\"BreadcrumbList\",\"@id\":\"https:\/\/losfuturosdelaeducacion.fundacion-sm.org\/pt-br\/noticias-pt-br\/covid-19-pt-br\/reimaginar-a-educacao-depois-da-covid-19\/#breadcrumb\",\"itemListElement\":[{\"@type\":\"ListItem\",\"position\":1,\"name\":\"Home\",\"item\":\"https:\/\/losfuturosdelaeducacion.fundacion-sm.org\/pt-br\/\"},{\"@type\":\"ListItem\",\"position\":2,\"name\":\"Not\u00edcias\",\"item\":\"https:\/\/losfuturosdelaeducacion.fundacion-sm.org\/pt-br\/noticias-pt-br\/\"},{\"@type\":\"ListItem\",\"position\":3,\"name\":\"COVID-19\",\"item\":\"https:\/\/losfuturosdelaeducacion.fundacion-sm.org\/pt-br\/noticias-pt-br\/covid-19-pt-br\/\"},{\"@type\":\"ListItem\",\"position\":4,\"name\":\"Reimaginar a educa\u00e7\u00e3o depois da COVID-19\"}]},{\"@type\":\"WebSite\",\"@id\":\"https:\/\/losfuturosdelaeducacion.fundacion-sm.org\/pt-br\/#website\",\"url\":\"https:\/\/losfuturosdelaeducacion.fundacion-sm.org\/pt-br\/\",\"name\":\"Os futuros da educa\u00e7\u00e3o\",\"description\":\"\",\"publisher\":{\"@id\":\"https:\/\/losfuturosdelaeducacion.fundacion-sm.org\/pt-br\/#organization\"},\"potentialAction\":[{\"@type\":\"SearchAction\",\"target\":{\"@type\":\"EntryPoint\",\"urlTemplate\":\"https:\/\/losfuturosdelaeducacion.fundacion-sm.org\/pt-br\/?s={search_term_string}\"},\"query-input\":{\"@type\":\"PropertyValueSpecification\",\"valueRequired\":true,\"valueName\":\"search_term_string\"}}],\"inLanguage\":\"pt-BR\"},{\"@type\":\"Organization\",\"@id\":\"https:\/\/losfuturosdelaeducacion.fundacion-sm.org\/pt-br\/#organization\",\"name\":\"Os futuros da educa\u00e7\u00e3o\",\"url\":\"https:\/\/losfuturosdelaeducacion.fundacion-sm.org\/pt-br\/\",\"logo\":{\"@type\":\"ImageObject\",\"inLanguage\":\"pt-BR\",\"@id\":\"https:\/\/losfuturosdelaeducacion.fundacion-sm.org\/pt-br\/#\/schema\/logo\/image\/\",\"url\":\"https:\/\/losfuturosdelaeducacion.fundacion-sm.org\/wp-content\/uploads\/sites\/16\/2023\/11\/futuros-logo-portugues.png\",\"contentUrl\":\"https:\/\/losfuturosdelaeducacion.fundacion-sm.org\/wp-content\/uploads\/sites\/16\/2023\/11\/futuros-logo-portugues.png\",\"width\":423,\"height\":264,\"caption\":\"Os futuros da educa\u00e7\u00e3o\"},\"image\":{\"@id\":\"https:\/\/losfuturosdelaeducacion.fundacion-sm.org\/pt-br\/#\/schema\/logo\/image\/\"}},{\"@type\":\"Person\",\"@id\":\"https:\/\/losfuturosdelaeducacion.fundacion-sm.org\/pt-br\/#\/schema\/person\/853f955beb537b852c3687d514f42948\",\"name\":\"Antonio Rockin'Pixels\"}]}<\/script>\n<!-- \/ Yoast SEO plugin. -->","yoast_head_json":{"title":"Reimaginar a educa\u00e7\u00e3o depois da COVID-19 - Os futuros da educa\u00e7\u00e3o","description":"O relat\u00f3rio \u201cOs Futuros da Educa\u00e7\u00e3o: Reimaginar juntos um novo contrato social\u201d chega a Espanha num momento em que o mundo lida com as consequ\u00eancias da COVID-19, que colocou em risco as possibilidades de alcan\u00e7ar os Objectivos de Desenvolvimento Sustent\u00e1vel (ODS) das Na\u00e7\u00f5es Unidas.","robots":{"index":"index","follow":"follow","max-snippet":"max-snippet:-1","max-image-preview":"max-image-preview:large","max-video-preview":"max-video-preview:-1"},"canonical":"https:\/\/losfuturosdelaeducacion.fundacion-sm.org\/pt-br\/noticias-pt-br\/covid-19-pt-br\/reimaginar-a-educacao-depois-da-covid-19\/","og_locale":"pt_BR","og_type":"article","og_title":"Reimaginar a educa\u00e7\u00e3o depois da COVID-19 - Os futuros da educa\u00e7\u00e3o","og_description":"O relat\u00f3rio \u201cOs Futuros da Educa\u00e7\u00e3o: Reimaginar juntos um novo contrato social\u201d chega a Espanha num momento em que o mundo lida com as consequ\u00eancias da COVID-19, que colocou em risco as possibilidades de alcan\u00e7ar os Objectivos de Desenvolvimento Sustent\u00e1vel (ODS) das Na\u00e7\u00f5es Unidas.","og_url":"https:\/\/losfuturosdelaeducacion.fundacion-sm.org\/pt-br\/noticias-pt-br\/covid-19-pt-br\/reimaginar-a-educacao-depois-da-covid-19\/","og_site_name":"Os futuros da educa\u00e7\u00e3o","article_published_time":"2022-04-12T07:05:00+00:00","article_modified_time":"2024-02-21T14:51:54+00:00","og_image":[{"width":1280,"height":854,"url":"https:\/\/losfuturosdelaeducacion.fundacion-sm.org\/wp-content\/uploads\/sites\/16\/2022\/04\/reimaginar-la-educacion-despues-de-la-covid-19.jpg","type":"image\/jpeg"}],"author":"Antonio Rockin'Pixels","twitter_card":"summary_large_image","schema":{"@context":"https:\/\/schema.org","@graph":[{"@type":"Article","@id":"https:\/\/losfuturosdelaeducacion.fundacion-sm.org\/pt-br\/noticias-pt-br\/covid-19-pt-br\/reimaginar-a-educacao-depois-da-covid-19\/#article","isPartOf":{"@id":"https:\/\/losfuturosdelaeducacion.fundacion-sm.org\/pt-br\/noticias-pt-br\/covid-19-pt-br\/reimaginar-a-educacao-depois-da-covid-19\/"},"author":{"name":"Antonio Rockin'Pixels","@id":"https:\/\/losfuturosdelaeducacion.fundacion-sm.org\/pt-br\/#\/schema\/person\/853f955beb537b852c3687d514f42948"},"headline":"Reimaginar a educa\u00e7\u00e3o depois da COVID-19","datePublished":"2022-04-12T07:05:00+00:00","dateModified":"2024-02-21T14:51:54+00:00","mainEntityOfPage":{"@id":"https:\/\/losfuturosdelaeducacion.fundacion-sm.org\/pt-br\/noticias-pt-br\/covid-19-pt-br\/reimaginar-a-educacao-depois-da-covid-19\/"},"wordCount":157,"publisher":{"@id":"https:\/\/losfuturosdelaeducacion.fundacion-sm.org\/pt-br\/#organization"},"image":{"@id":"https:\/\/losfuturosdelaeducacion.fundacion-sm.org\/pt-br\/noticias-pt-br\/covid-19-pt-br\/reimaginar-a-educacao-depois-da-covid-19\/#primaryimage"},"thumbnailUrl":"https:\/\/losfuturosdelaeducacion.fundacion-sm.org\/wp-content\/uploads\/sites\/16\/2022\/04\/reimaginar-la-educacion-despues-de-la-covid-19.jpg","articleSection":["COVID-19","Not\u00edcias","ODS Na\u00e7\u00f5es Unidas","UNESCO"],"inLanguage":"pt-BR"},{"@type":"WebPage","@id":"https:\/\/losfuturosdelaeducacion.fundacion-sm.org\/pt-br\/noticias-pt-br\/covid-19-pt-br\/reimaginar-a-educacao-depois-da-covid-19\/","url":"https:\/\/losfuturosdelaeducacion.fundacion-sm.org\/pt-br\/noticias-pt-br\/covid-19-pt-br\/reimaginar-a-educacao-depois-da-covid-19\/","name":"Reimaginar a educa\u00e7\u00e3o depois da COVID-19 - Os futuros da educa\u00e7\u00e3o","isPartOf":{"@id":"https:\/\/losfuturosdelaeducacion.fundacion-sm.org\/pt-br\/#website"},"primaryImageOfPage":{"@id":"https:\/\/losfuturosdelaeducacion.fundacion-sm.org\/pt-br\/noticias-pt-br\/covid-19-pt-br\/reimaginar-a-educacao-depois-da-covid-19\/#primaryimage"},"image":{"@id":"https:\/\/losfuturosdelaeducacion.fundacion-sm.org\/pt-br\/noticias-pt-br\/covid-19-pt-br\/reimaginar-a-educacao-depois-da-covid-19\/#primaryimage"},"thumbnailUrl":"https:\/\/losfuturosdelaeducacion.fundacion-sm.org\/wp-content\/uploads\/sites\/16\/2022\/04\/reimaginar-la-educacion-despues-de-la-covid-19.jpg","datePublished":"2022-04-12T07:05:00+00:00","dateModified":"2024-02-21T14:51:54+00:00","description":"O relat\u00f3rio \u201cOs Futuros da Educa\u00e7\u00e3o: Reimaginar juntos um novo contrato social\u201d chega a Espanha num momento em que o mundo lida com as consequ\u00eancias da COVID-19, que colocou em risco as possibilidades de alcan\u00e7ar os Objectivos de Desenvolvimento Sustent\u00e1vel (ODS) das Na\u00e7\u00f5es Unidas.","breadcrumb":{"@id":"https:\/\/losfuturosdelaeducacion.fundacion-sm.org\/pt-br\/noticias-pt-br\/covid-19-pt-br\/reimaginar-a-educacao-depois-da-covid-19\/#breadcrumb"},"inLanguage":"pt-BR","potentialAction":[{"@type":"ReadAction","target":["https:\/\/losfuturosdelaeducacion.fundacion-sm.org\/pt-br\/noticias-pt-br\/covid-19-pt-br\/reimaginar-a-educacao-depois-da-covid-19\/"]}]},{"@type":"ImageObject","inLanguage":"pt-BR","@id":"https:\/\/losfuturosdelaeducacion.fundacion-sm.org\/pt-br\/noticias-pt-br\/covid-19-pt-br\/reimaginar-a-educacao-depois-da-covid-19\/#primaryimage","url":"https:\/\/losfuturosdelaeducacion.fundacion-sm.org\/wp-content\/uploads\/sites\/16\/2022\/04\/reimaginar-la-educacion-despues-de-la-covid-19.jpg","contentUrl":"https:\/\/losfuturosdelaeducacion.fundacion-sm.org\/wp-content\/uploads\/sites\/16\/2022\/04\/reimaginar-la-educacion-despues-de-la-covid-19.jpg","width":1280,"height":854},{"@type":"BreadcrumbList","@id":"https:\/\/losfuturosdelaeducacion.fundacion-sm.org\/pt-br\/noticias-pt-br\/covid-19-pt-br\/reimaginar-a-educacao-depois-da-covid-19\/#breadcrumb","itemListElement":[{"@type":"ListItem","position":1,"name":"Home","item":"https:\/\/losfuturosdelaeducacion.fundacion-sm.org\/pt-br\/"},{"@type":"ListItem","position":2,"name":"Not\u00edcias","item":"https:\/\/losfuturosdelaeducacion.fundacion-sm.org\/pt-br\/noticias-pt-br\/"},{"@type":"ListItem","position":3,"name":"COVID-19","item":"https:\/\/losfuturosdelaeducacion.fundacion-sm.org\/pt-br\/noticias-pt-br\/covid-19-pt-br\/"},{"@type":"ListItem","position":4,"name":"Reimaginar a educa\u00e7\u00e3o depois da COVID-19"}]},{"@type":"WebSite","@id":"https:\/\/losfuturosdelaeducacion.fundacion-sm.org\/pt-br\/#website","url":"https:\/\/losfuturosdelaeducacion.fundacion-sm.org\/pt-br\/","name":"Os futuros da educa\u00e7\u00e3o","description":"","publisher":{"@id":"https:\/\/losfuturosdelaeducacion.fundacion-sm.org\/pt-br\/#organization"},"potentialAction":[{"@type":"SearchAction","target":{"@type":"EntryPoint","urlTemplate":"https:\/\/losfuturosdelaeducacion.fundacion-sm.org\/pt-br\/?s={search_term_string}"},"query-input":{"@type":"PropertyValueSpecification","valueRequired":true,"valueName":"search_term_string"}}],"inLanguage":"pt-BR"},{"@type":"Organization","@id":"https:\/\/losfuturosdelaeducacion.fundacion-sm.org\/pt-br\/#organization","name":"Os futuros da educa\u00e7\u00e3o","url":"https:\/\/losfuturosdelaeducacion.fundacion-sm.org\/pt-br\/","logo":{"@type":"ImageObject","inLanguage":"pt-BR","@id":"https:\/\/losfuturosdelaeducacion.fundacion-sm.org\/pt-br\/#\/schema\/logo\/image\/","url":"https:\/\/losfuturosdelaeducacion.fundacion-sm.org\/wp-content\/uploads\/sites\/16\/2023\/11\/futuros-logo-portugues.png","contentUrl":"https:\/\/losfuturosdelaeducacion.fundacion-sm.org\/wp-content\/uploads\/sites\/16\/2023\/11\/futuros-logo-portugues.png","width":423,"height":264,"caption":"Os futuros da educa\u00e7\u00e3o"},"image":{"@id":"https:\/\/losfuturosdelaeducacion.fundacion-sm.org\/pt-br\/#\/schema\/logo\/image\/"}},{"@type":"Person","@id":"https:\/\/losfuturosdelaeducacion.fundacion-sm.org\/pt-br\/#\/schema\/person\/853f955beb537b852c3687d514f42948","name":"Antonio Rockin'Pixels"}]}},"_links":{"self":[{"href":"https:\/\/losfuturosdelaeducacion.fundacion-sm.org\/pt-br\/wp-json\/wp\/v2\/posts\/796","targetHints":{"allow":["GET"]}}],"collection":[{"href":"https:\/\/losfuturosdelaeducacion.fundacion-sm.org\/pt-br\/wp-json\/wp\/v2\/posts"}],"about":[{"href":"https:\/\/losfuturosdelaeducacion.fundacion-sm.org\/pt-br\/wp-json\/wp\/v2\/types\/post"}],"author":[{"embeddable":true,"href":"https:\/\/losfuturosdelaeducacion.fundacion-sm.org\/pt-br\/wp-json\/wp\/v2\/users\/2"}],"replies":[{"embeddable":true,"href":"https:\/\/losfuturosdelaeducacion.fundacion-sm.org\/pt-br\/wp-json\/wp\/v2\/comments?post=796"}],"version-history":[{"count":4,"href":"https:\/\/losfuturosdelaeducacion.fundacion-sm.org\/pt-br\/wp-json\/wp\/v2\/posts\/796\/revisions"}],"predecessor-version":[{"id":801,"href":"https:\/\/losfuturosdelaeducacion.fundacion-sm.org\/pt-br\/wp-json\/wp\/v2\/posts\/796\/revisions\/801"}],"wp:featuredmedia":[{"embeddable":true,"href":"https:\/\/losfuturosdelaeducacion.fundacion-sm.org\/pt-br\/wp-json\/wp\/v2\/media\/495"}],"wp:attachment":[{"href":"https:\/\/losfuturosdelaeducacion.fundacion-sm.org\/pt-br\/wp-json\/wp\/v2\/media?parent=796"}],"wp:term":[{"taxonomy":"category","embeddable":true,"href":"https:\/\/losfuturosdelaeducacion.fundacion-sm.org\/pt-br\/wp-json\/wp\/v2\/categories?post=796"},{"taxonomy":"post_tag","embeddable":true,"href":"https:\/\/losfuturosdelaeducacion.fundacion-sm.org\/pt-br\/wp-json\/wp\/v2\/tags?post=796"}],"curies":[{"name":"wp","href":"https:\/\/api.w.org\/{rel}","templated":true}]}}